{
    "legislatures": [
        {
            "description": "", 
            "end_date": "2028-12-31", 
            "members": [
                "/portal/processo-legislativo/parlamentares/abraao-tomaz-anastacio", 
                "/portal/processo-legislativo/parlamentares/ewerton-gomes-de-almeida", 
                "/portal/processo-legislativo/parlamentares/geraldo-carlos-vieira", 
                "/portal/processo-legislativo/parlamentares/helivelton-araujo-silvas", 
                "/portal/processo-legislativo/parlamentares/jardel-de-souza-francisco", 
                "/portal/processo-legislativo/parlamentares/luana-da-silva-pires-machado", 
                "/portal/processo-legislativo/parlamentares/marcelo-gomes-durao", 
                "/portal/processo-legislativo/parlamentares/paulo-roberto-cassette-junior", 
                "/portal/processo-legislativo/parlamentares/rodrigo-xavier"
            ], 
            "start_date": "2025-01-01", 
            "title": "2025-2028", 
            "uri": "https://www.guarara.mg.leg.br/processo-legislativo/legislaturas/2025-2028"
        }
    ], 
    "parliamentarians": [
        {
            "address": "Pra\u00e7a do Divino, 54, Centro", 
            "birthday": "1969-11-10", 
            "description": "<h3 class=\"external-link\"><a class=\"internal-link\" href=\"resolveuid/62a16fec4807493993070250a16fdd34\" target=\"_self\" title=\"\">Acesse aqui as proposi\u00e7\u00f5es apresentadas pelo vereador</a></h3>", 
            "email": "", 
            "full_name": "Geraldo Carlos Vieira", 
            "image": {
                "filename": "Geraldo Carlos Vieira.jpg", 
                "size": 163509, 
                "uri": "https://www.guarara.mg.leg.br/processo-legislativo/parlamentares/geraldo-carlos-vieira/@@downloads/Geraldo Carlos Vieira.jpg"
            }, 
            "party_affiliation": [
                {
                    "date_affiliation": "2024-02-01", 
                    "date_disaffiliation": "", 
                    "party": "PL"
                }
            ], 
            "postal_code": "36606-000", 
            "site": "", 
            "telephone": "32 3264-1413", 
            "title": "Geraldo Carlos Vieira", 
            "uri": "https://www.guarara.mg.leg.br/processo-legislativo/parlamentares/geraldo-carlos-vieira"
        }, 
        {
            "address": "Pra\u00e7a do Divino, 54, Centro", 
            "birthday": "1981-12-03", 
            "description": "<h3 class=\"external-link\"><a class=\"internal-link\" href=\"resolveuid/4cc8ad8629214fe3ab354e360436633b\" target=\"_self\" title=\"\">Acesse aqui as proposi\u00e7\u00f5es apresentadas pelo vereador</a></h3>", 
            "email": "", 
            "full_name": "Rodrigo Xavier", 
            "image": {
                "filename": "Rodrigo Xavier.jpg", 
                "size": 444084, 
                "uri": "https://www.guarara.mg.leg.br/processo-legislativo/parlamentares/rodrigo-xavier/@@downloads/Rodrigo Xavier.jpg"
            }, 
            "party_affiliation": [
                {
                    "date_affiliation": "2024-02-01", 
                    "date_disaffiliation": "", 
                    "party": "SOLIDARIEDADE"
                }
            ], 
            "postal_code": "36606-000", 
            "site": "", 
            "telephone": "32 3264-1413", 
            "title": "Rodrigo Xavier", 
            "uri": "https://www.guarara.mg.leg.br/processo-legislativo/parlamentares/rodrigo-xavier"
        }, 
        {
            "address": "Pra\u00e7a do Divino, 54, Centro", 
            "birthday": "1976-07-01", 
            "description": "<h3 class=\"external-link\"><a class=\"internal-link\" href=\"resolveuid/ba76ef2260b34a57b1a5bad7fa4aa778\" target=\"_self\" title=\"\">Acesse aqui as proposi\u00e7\u00f5es apresentadas pelo vereador</a></h3>", 
            "email": "", 
            "full_name": "Helivelton Ara\u00fajo Silvas", 
            "image": {
                "filename": "Helivelton Ara\u00fajo Silvas.jpg", 
                "size": 228185, 
                "uri": "https://www.guarara.mg.leg.br/processo-legislativo/parlamentares/helivelton-araujo-silvas/@@downloads/Helivelton Ara\u00fajo Silvas.jpg"
            }, 
            "party_affiliation": [
                {
                    "date_affiliation": "2024-02-01", 
                    "date_disaffiliation": "", 
                    "party": "UNI\u00c3O"
                }
            ], 
            "postal_code": "36606-000", 
            "site": "", 
            "telephone": "32 3264-1413", 
            "title": "Helivelton Ara\u00fajo Silvas", 
            "uri": "https://www.guarara.mg.leg.br/processo-legislativo/parlamentares/helivelton-araujo-silvas"
        }, 
        {
            "address": "Pra\u00e7a do Divino, 54, Centro", 
            "birthday": "1982-01-01", 
            "description": "<h3 class=\"external-link\"><a class=\"internal-link\" href=\"resolveuid/ef00a3be34b8463f8e9b433c896f2185\" target=\"_self\" title=\"\">Acesse aqui os requerimentos apresentadas pelo vereador</a></h3>", 
            "email": "", 
            "full_name": "Ewerton Gomes de Almeida", 
            "image": {
                "filename": "Ewerton Gomes de Almeida.jpg", 
                "size": 152305, 
                "uri": "https://www.guarara.mg.leg.br/processo-legislativo/parlamentares/ewerton-gomes-de-almeida/@@downloads/Ewerton Gomes de Almeida.jpg"
            }, 
            "party_affiliation": [
                {
                    "date_affiliation": "2024-02-01", 
                    "date_disaffiliation": "", 
                    "party": "PL"
                }
            ], 
            "postal_code": "36606-000", 
            "site": "", 
            "telephone": "32 3264-1413", 
            "title": "Ewerton Gomes de Almeida", 
            "uri": "https://www.guarara.mg.leg.br/processo-legislativo/parlamentares/ewerton-gomes-de-almeida"
        }, 
        {
            "address": "Pra\u00e7a do Divino, 54, Centro", 
            "birthday": "1996-08-12", 
            "description": "<h3 class=\"external-link\"><a class=\"internal-link\" href=\"resolveuid/fd57082a405047a0a2a8e3e3fdbf9381\" target=\"_self\" title=\"\">Acesse aqui as proposi\u00e7\u00f5es apresentadas pelo vereador</a></h3>", 
            "email": "", 
            "full_name": "Abra\u00e3o Tom\u00e1z Anast\u00e1cio", 
            "image": {
                "filename": "Abra\u00e3o Tom\u00e1z Anast\u00e1cio.jpg", 
                "size": 151369, 
                "uri": "https://www.guarara.mg.leg.br/processo-legislativo/parlamentares/abraao-tomaz-anastacio/@@downloads/Abra\u00e3o Tom\u00e1z Anast\u00e1cio.jpg"
            }, 
            "party_affiliation": [
                {
                    "date_affiliation": "2024-02-01", 
                    "date_disaffiliation": "", 
                    "party": "UNI\u00c3O"
                }
            ], 
            "postal_code": "36606-000", 
            "site": "", 
            "telephone": "32 3264-1413", 
            "title": "Abra\u00e3o Tom\u00e1z Anast\u00e1cio", 
            "uri": "https://www.guarara.mg.leg.br/processo-legislativo/parlamentares/abraao-tomaz-anastacio"
        }, 
        {
            "address": "Pra\u00e7a do Divino, 54, Centro", 
            "birthday": "1989-01-07", 
            "description": "<h3 class=\"external-link\"><a class=\"internal-link\" href=\"resolveuid/ad9160728322483da5d1c5efc9f278cd\" target=\"_self\" title=\"\">Acesse aqui as proposi\u00e7\u00f5es apresentadas pelo vereador</a></h3>", 
            "email": "", 
            "full_name": "Jardel de Souza Francisco", 
            "image": {
                "filename": "Jardel de Souza Francisco.jpg", 
                "size": 89262, 
                "uri": "https://www.guarara.mg.leg.br/processo-legislativo/parlamentares/jardel-de-souza-francisco/@@downloads/Jardel de Souza Francisco.jpg"
            }, 
            "party_affiliation": [
                {
                    "date_affiliation": "2024-02-01", 
                    "date_disaffiliation": "", 
                    "party": "UNI\u00c3O"
                }
            ], 
            "postal_code": "36606-000", 
            "site": "", 
            "telephone": "32 3264-1413", 
            "title": "Jardel de Souza Francisco", 
            "uri": "https://www.guarara.mg.leg.br/processo-legislativo/parlamentares/jardel-de-souza-francisco"
        }, 
        {
            "address": "Pra\u00e7a do Divino, 54, Centro", 
            "birthday": "1968-07-06", 
            "description": "<h3 class=\"external-link\"><a class=\"internal-link\" href=\"resolveuid/c8e34eaf67cf44aea819a718c97ff4e2\" target=\"_self\" title=\"\">Acesse aqui as proposi\u00e7\u00f5es apresentadas pelo vereador</a></h3>", 
            "email": "", 
            "full_name": "Marcelo Gomes Dur\u00e3o", 
            "image": {
                "filename": "Marcelo Gomes Dur\u00e3o.jpg", 
                "size": 214639, 
                "uri": "https://www.guarara.mg.leg.br/processo-legislativo/parlamentares/marcelo-gomes-durao/@@downloads/Marcelo Gomes Dur\u00e3o.jpg"
            }, 
            "party_affiliation": [
                {
                    "date_affiliation": "2024-02-01", 
                    "date_disaffiliation": "", 
                    "party": "PSDB"
                }
            ], 
            "postal_code": "36606-000", 
            "site": "", 
            "telephone": "32 3264-1413", 
            "title": "Marcelo Gomes Dur\u00e3o", 
            "uri": "https://www.guarara.mg.leg.br/processo-legislativo/parlamentares/marcelo-gomes-durao"
        }, 
        {
            "address": "Pra\u00e7a do Divino, 54, Centro", 
            "birthday": "1979-08-06", 
            "description": "<h3 class=\"external-link\"><a class=\"internal-link\" href=\"resolveuid/95006dae94734b1aa649a42f45e9a61c\" target=\"_self\" title=\"\">Acesse aqui as proposi\u00e7\u00f5es apresentadas pelo vereador</a></h3>", 
            "email": "", 
            "full_name": "Paulo Roberto Cassette J\u00fanior", 
            "image": {
                "filename": "Paulo Roberto Cassette J\u00fanior.jpg", 
                "size": 118635, 
                "uri": "https://www.guarara.mg.leg.br/processo-legislativo/parlamentares/paulo-roberto-cassette-junior/@@downloads/Paulo Roberto Cassette J\u00fanior.jpg"
            }, 
            "party_affiliation": [
                {
                    "date_affiliation": "2024-02-01", 
                    "date_disaffiliation": "", 
                    "party": "PSDB"
                }
            ], 
            "postal_code": "36606-000", 
            "site": "", 
            "telephone": "32 3264-1413", 
            "title": "Paulo Roberto Cassette J\u00fanior", 
            "uri": "https://www.guarara.mg.leg.br/processo-legislativo/parlamentares/paulo-roberto-cassette-junior"
        }, 
        {
            "address": "Pra\u00e7a do Divino, 54, Centro", 
            "birthday": "1993-01-04", 
            "description": "<h3 class=\"external-link\"><a class=\"internal-link\" href=\"resolveuid/1bb5d54b221d4614b8bcde8e366a3cf8\" target=\"_self\" title=\"\">Acesse aqui as proposi\u00e7\u00f5es apresentadas pela vereadora</a></h3>", 
            "email": "", 
            "full_name": "Luana da Silva Pires Machado", 
            "image": {
                "filename": "Luana da Silva Pires Machado.jpg", 
                "size": 113906, 
                "uri": "https://www.guarara.mg.leg.br/processo-legislativo/parlamentares/luana-da-silva-pires-machado/@@downloads/Luana da Silva Pires Machado.jpg"
            }, 
            "party_affiliation": [
                {
                    "date_affiliation": "2024-02-01", 
                    "date_disaffiliation": "", 
                    "party": "SOLIDARIEDADE"
                }
            ], 
            "postal_code": "36606-000", 
            "site": "", 
            "telephone": "32 3264-1413", 
            "title": "Luana da Silva Pires Machado", 
            "uri": "https://www.guarara.mg.leg.br/processo-legislativo/parlamentares/luana-da-silva-pires-machado"
        }
    ]
}