{"provider_url": "https://www.guarara.mg.leg.br", "title": "Respons\u00e1veis pela Gest\u00e3o", "html": "<table class=\"plain\">\r\n<tbody>\r\n<tr><th colspan=\"2\" style=\"text-align: center; \">MESA DIRETORA</th></tr>\r\n<tr><th style=\"text-align: center; \">Nome</th><th style=\"text-align: center; \">Cargo / Fun\u00e7\u00e3o</th></tr>\r\n<tr>\r\n<td><strong>Marcelo Gomes Dur\u00e3o</strong></td>\r\n<td>Presidente</td>\r\n</tr>\r\n<tr>\r\n<td><strong>Luana da Silva Pires Machado</strong></td>\r\n<td>Vice-Presidente</td>\r\n</tr>\r\n<tr>\r\n<td><strong>Helivelton Ara\u00fajo Silvas</strong></td>\r\n<td>1\u00ba Secret\u00e1rio</td>\r\n</tr>\r\n<tr>\r\n<td><strong>Jardel de Souza Francisco</strong></td>\r\n<td>2\u00ba Secret\u00e1rio</td>\r\n</tr>\r\n</tbody>\r\n</table>\r\n<table class=\"plain\">\r\n<tbody>\r\n<tr><th colspan=\"2\" style=\"text-align: center; \">VEREADORES</th></tr>\r\n<tr><th style=\"text-align: center; \">Nome</th><th style=\"text-align: center; \">Cargo / Fun\u00e7\u00e3o</th></tr>\r\n<tr>\r\n<td>Abra\u00e3o Tom\u00e1z Anast\u00e1cio</td>\r\n<td>Vereador</td>\r\n</tr>\r\n<tr>\r\n<td>Ewerton Gomes de Almeida</td>\r\n<td>Vereador</td>\r\n</tr>\r\n<tr>\r\n<td>Geraldo Carlos Vieira</td>\r\n<td>Vereador</td>\r\n</tr>\r\n<tr>\r\n<td>Helivelton Ara\u00fajo Silvas</td>\r\n<td>1\u00ba Secret\u00e1rio</td>\r\n</tr>\r\n<tr>\r\n<td>Jardel de Souza Francisco</td>\r\n<td>2\u00ba Secret\u00e1rio</td>\r\n</tr>\r\n<tr>\r\n<td>Luana da Silva Pires Machado</td>\r\n<td>Vice-Presidente</td>\r\n</tr>\r\n<tr>\r\n<td>Marcelo Gomes Dur\u00e3o</td>\r\n<td>Presidente</td>\r\n</tr>\r\n<tr>\r\n<td>Paulo Roberto Cassette J\u00fanior</td>\r\n<td>Vereador</td>\r\n</tr>\r\n<tr>\r\n<td>Rodrigo Xavier</td>\r\n<td>Vereador</td>\r\n</tr>\r\n</tbody>\r\n</table>\r\n<table class=\"plain\">\r\n<tbody>\r\n<tr><th colspan=\"2\" style=\"text-align: center; \">SERVIDORES</th></tr>\r\n<tr><th style=\"text-align: center; \">Nome</th><th style=\"text-align: center; \">Cargo / Fun\u00e7\u00e3o</th></tr>\r\n<tr>\r\n<td>Sandra Maria Pacheco Peresim</td>\r\n<td>Diretor Legislativo</td>\r\n</tr>\r\n<tr>\r\n<td>Paula Barbosa de Oliveira</td>\r\n<td>Assessor da Presid\u00eancia</td>\r\n</tr>\r\n<tr>\r\n<td style=\"text-align: left; \">Bianca Carolina Carvalho Bellei Rossi</td>\r\n<td>Assessor Parlamentar</td>\r\n</tr>\r\n<tr>\r\n<td>Rita de C\u00e1ssia Coelho da Silva</td>\r\n<td>Assessor do Diretor do Legislativo</td>\r\n</tr>\r\n</tbody>\r\n</table>", "author_name": "", "version": "1.0", "author_url": "https://www.guarara.mg.leg.br/author/rodrigo", "provider_name": "C\u00e2mara Municipal", "type": "rich"}