{"provider_url": "https://www.guarara.mg.leg.br", "title": "Servidores", "html": "<h2>Cargos Efetivos</h2>\r\n<h3>Zelador</h3>\r\n<p style=\"text-align: justify; \">01 (um) cargo com exig\u00eancia de alfabetiza\u00e7\u00e3o, sem a\u00a0exig\u00eancia de conclus\u00e3o de grau de escolaridade, com jornada de 30\u00a0(trinta) horas semanais, com atribui\u00e7\u00e3o de manter as depend\u00eancias da\u00a0C\u00e2mara em perfeitas condi\u00e7\u00f5es de limpeza e higiene, e cumprir as\u00a0demais determina\u00e7\u00f5es especificadas pela Mesa da C\u00e2mara atrav\u00e9s de\u00a0Resolu\u00e7\u00e3o.</p>\r\n<h3 style=\"text-align: justify; \">Copeiro</h3>\r\n<p style=\"text-align: justify; \">01 (um) cargo com exig\u00eancia de alfabetiza\u00e7\u00e3o, sem a\u00a0exig\u00eancia de conclus\u00e3o de grau de escolaridade, com jornada de 30\u00a0(trinta) horas semanais, com atribui\u00e7\u00e3o de confeccionar lanches e caf\u00e9\u00a0para os vereadores, funcion\u00e1rios e convidados, bem como servir aos\u00a0mesmos, inclusive nas reuni\u00f5es da C\u00e2mara ou de suas comiss\u00f5es, e\u00a0ainda auxiliar na limpeza e manuten\u00e7\u00e3o da cozinha, e ainda cumprir as\u00a0demais determina\u00e7\u00f5es especificadas pela Mesa da C\u00e2mara atrav\u00e9s de\u00a0Resolu\u00e7\u00e3o.</p>\r\n<h2>Cargos em Comiss\u00e3o</h2>\r\n<h3>Diretor Legislativo</h3>\r\n<p style=\"text-align: justify; \">01 (um) cargo com exig\u00eancia de escolaridade n\u00edvel\u00a0superior, com jornada de trabalho de 30 (trinta) horas semanais, e com<br />atribui\u00e7\u00e3o de elabora\u00e7\u00e3o de ato, requerimentos e/ou indica\u00e7\u00f5es, of\u00edcios,\u00a0e demais atos necess\u00e1rios para a realiza\u00e7\u00e3o das reuni\u00f5es ordin\u00e1rias e\u00a0extraordin\u00e1rias, bem como cumprir as demais determina\u00e7\u00f5es da Mesa\u00a0Diretora.</p>\r\n<h3>Assessor do Diretor Legislativo</h3>\r\n<p>01 (um) cargo com exig\u00eancia de\u00a0escolaridade ensino fundamental com jornada de 30 (trinta) horas\u00a0semanais, com atribui\u00e7\u00e3o de assessorar o diretor legislativo nas\u00a0atividades administrativas, participar das reuni\u00f5es da c\u00e2mara.</p>\r\n<h3>Assessor da Presid\u00eancia</h3>\r\n<p style=\"text-align: justify; \">01 (um) cargo com exig\u00eancia de escolaridade\u00a0n\u00edvel superior, com uma jornada de 30 (trinta) horas semanais com a\u00a0atribui\u00e7\u00e3o de prestar assessoramento \u00e0 presid\u00eancia, assessorando na\u00a0realiza\u00e7\u00e3o dos trabalhos do setor cont\u00e1bil e financeiro, realizando a\u00a0guarda e manuten\u00e7\u00e3o dos documentos cont\u00e1beis, executando os\u00a0<span>servi\u00e7os externos relativos \u00e0s fun\u00e7\u00f5es, como as movimenta\u00e7\u00f5es\u00a0</span><span>banc\u00e1rias e os pagamentos a fornecedores, cota\u00e7\u00f5es de pre\u00e7os para\u00a0</span><span>licita\u00e7\u00f5es e contratos, bem como participar de todas as reuni\u00f5es.</span></p>\r\n<h3 style=\"text-align: justify; \">Assessor Jur\u00eddico</h3>\r\n<p style=\"text-align: justify; \">01 (um) cargo\u00a0<span>com n\u00edvel de escolaridade superior em\u00a0</span><span>direito, com registro no \u00f3rg\u00e3o de classe, com atribui\u00e7\u00e3o de assessorar\u00a0</span><span>os setores da C\u00e2mara Municipal, objetivando a aplicabilidade de\u00a0</span><span>preceitos legais pertinentes, dando suporte\u00a0 t\u00e9cnico e fornecendo\u00a0</span><span>atribui\u00e7\u00f5es e aos servidores.</span></p>\r\n<h3><span>Assessor de Processo Legislativo</span></h3>\r\n<p style=\"text-align: justify; \"><span>01 (um) cargo\u00a0</span><span>com n\u00edvel de\u00a0</span><span>escolaridade superior em direito com registro na OAB, com atribui\u00e7\u00e3o de\u00a0</span><span>realizar a reda\u00e7\u00e3o dos projetos de lei do legislativo, ordem do dia,\u00a0</span><span>participar das licita\u00e7\u00f5es, elaborar a reda\u00e7\u00e3o final dos projetos de lei e\u00a0</span><span>realizar o abastecimento de todo o sistema teclegis, realizar o controle\u00a0</span><span>interno da C\u00e2mara Municipal de Guarar\u00e1, inclusive\u00a0 acompanhando\u00a0</span><span>todas as informa\u00e7\u00f5es sob supervis\u00e3o do assessor jur\u00eddico da C\u00e2mara\u00a0</span><span>Municipal.</span></p>", "author_name": "", "version": "1.0", "author_url": "https://www.guarara.mg.leg.br/author/rodrigo", "provider_name": "C\u00e2mara Municipal", "type": "rich"}