{"provider_url": "https://www.guarara.mg.leg.br", "title": "Bras\u00e3o, Bandeira e Hino", "html": "<h2>Bandeira e Bras\u00e3o</h2>\r\n<p style=\"text-align: center; \"><img src=\"https://www.guarara.mg.leg.br/imagens/BrasoGuarar.jpeg/@@images/9248749f-dc10-46ad-8e61-a087c13f2fb6.jpeg\" alt=\"\" class=\"image-inline\" title=\"\" />\u00a0<br /><a title=\"\" href=\"https://www.guarara.mg.leg.br/imagens/BrasoGuarar.jpeg\" class=\"internal-link\" target=\"_blank\">Bras\u00e3o de Armas do Munic\u00edcio de Guarar\u00e1</a></p>\r\n<p style=\"text-align: center; \"><img src=\"https://www.guarara.mg.leg.br/imagens/BandeiraGuarar.jpeg/@@images/885d2c3a-3088-4f78-bf5f-e89e1fb29b95.jpeg\" alt=\"\" class=\"image-inline\" title=\"\" /><br /><a title=\"\" href=\"https://www.guarara.mg.leg.br/imagens/BandeiraGuarar.jpeg\" class=\"internal-link\" target=\"_blank\">Bandeira Oficial do Munic\u00edpio de Guarar\u00e1</a></p>\r\n<h3>\u00a0<strong>Projeto de Lei n\u00ba 324/80</strong></h3>\r\n<p>\u201cDisp\u00f5e sobre a forma e apresenta\u00e7\u00e3o dos S\u00edmbolos da cidade e Munic\u00edpio de Guarar\u00e1, e d\u00e1 outras provid\u00eancias\u201d.</p>\r\n<p>O Senhor Prefeito Municipal de Guarar\u00e1, Estado de Minas Gerais, faz saber que a C\u00e2mara Municipal decreta e ele promulga a seguinte LEI:</p>\r\n<p>SE\u00c7\u00c3O II \u2013 DA BANDEIRA MUNICIPAL</p>\r\n<p>Artigo 6\u00ba \u2013 A bandeira municipal de Guarar\u00e1 obedecer\u00e1 \u00e0 seguinte constru\u00e7\u00e3o modular:<br />Altura da tralha \u2013 24 m\u00f3dulos<br />Comprimento \u2013 20 m\u00f3dulos<br />Item 1 \u2013 O ret\u00e2ngulo da bandeira ser\u00e1 dividido em corte diagonal, do qual formar\u00e1 dois tri\u00e2ngulos ret\u00e2ngulos, sendo o da parte superior verde e o da parte inferior amarelo;<br />Item 2 \u2013 A tralha ter\u00e1 a cor branca, semelhante \u00e0 Bandeira Nacional;<br />Item 3 \u2013 O Bras\u00e3o de Armas ser\u00e1 aplicado ao centro da bandeira, com 7 (sete) m\u00f3dulos de altura por 6,5 de largura;<br />Item 4 \u2013 O verde, parte superior da bandeira, representa: honra, amizade e esperan\u00e7a; significa tamb\u00e9m suas propriedades rurais, fazendas e s\u00edtios.<br />Item 5 \u2013 O amarelo, na parte inferior, representa as riquezas do subsolo, gl\u00f3ria e poder.</p>\r\n<p>SE\u00c7\u00c3O IV \u2013 DO BRAS\u00c3O MUNICIPAL</p>\r\n<p>Artigo 19 \u2013 O Bras\u00e3o de Armas Municipais obedecer\u00e1 \u00e0s propor\u00e7\u00f5es de 8 m\u00f3dulos por 7 m\u00f3dulos.<br />Item 1 \u2013 Escudo Samn\u00edtico, entra na her\u00e1ldica brasileira, lembrando a ra\u00e7a latina, foi o primeiro escudo neste sentido introduzido em Portugal, por influ\u00eancia francesa;<br />Item 2 \u2013 A Coroa Mural, que o sobrep\u00f5e, representa a cidade, \u00e9 de prata e sintetiza os nobres sentimentos de seu povo. Em her\u00e1ldica \u00e9 o s\u00edmbolo Universal dos bras\u00f5es de dom\u00ednio;<br />Item 3 \u2013 Acantonado em chefe, Estrela de Ouro, simbolizando os personagens que contribu\u00edram com a forma\u00e7\u00e3o do curato, e doadores de terras, que motivou a cria\u00e7\u00e3o do arraial \u201cEsp\u00edrito Santo do Mar de Espanha\u201d \u2013 Domingos Ferreira Marques e Esposa, Dona Feliciana Francisca Dias \u2013 Em 20 de julho de 1828;<br />Item 4 \u2013 Segunda Estrela de Ouro ao centro \u00e9 uma homenagem, \u00e0s personalidades pol\u00edticas e seus cidad\u00e3os, que contribu\u00edram com o desenvolvimento e emancipa\u00e7\u00e3o do munic\u00edpio;<br />Item 5 \u2013 \u00c0 sinistra (esquerda), Escudete de Ouro, carregado com uma cruz crist\u00e3 em goles (vermelho) encimado por uma pomba que projeta seus raios de gra\u00e7as.Torna-se uma pe\u00e7a parlante, que homenageia a \u00edndole religiosa de seus habitantes- a Pomba, \u201cO Divino Esp\u00edrito Santo\u201d seu padroeiro, a Cruz, o s\u00edmbolo crist\u00e3o, lembra o sacrif\u00edcio de Cristo, convertido na maior f\u00e9 e bem espiritual;<br />Item 6 \u2013 Em Franco \u00e0 destra (direita), Ber\u00adrante de Ouro, representativo da pecu\u00e1ria local;<br />Item 7 \u2013 No Contra-chefe \u2013 tambores r\u00fasticos, caracterizando o Top\u00f4nimo GUARAR\u00c1 \u2013 que na linguagem dos gentios, significa: ru\u00eddo estrepitoso dos tambores (rufar), tamb\u00e9m significa o manhoso, o investigador;<br />Item 8 \u2013 Laterais com ramos de caf\u00e9 e p\u00e9 de cana ao natural representativos das principais fontes agr\u00edcolas, e de um modo geral a agricultura;<br />Item 9 \u2013 Listel goles (vermelho) carregado com os dizeres em argente (prata) \u2013 1828 \u2013 Guarar\u00e1 \u2013 1891.<br />Item 10 \u2013 Metais e Esmaltes<br />a) Argente (prata) \u2013 Na coroa-mural, na Pomba e no contra-chefe \u2013 \u00e9 hierogl\u00edfico de Paz, Trabalho, Amizade, Prosperidade e Pureza;<br />b) Jalde (Ouro) \u2013 Nas estrelas, no escudete, berrante nos tambores \u2013 S\u00edmbolo her\u00e1ldico de Nobreza, autoridade, Gl\u00f3ria, esplendor e mando;<br />c) Balu (azul) \u2013 No escudo, simboliza em her\u00e1ldica, boa fama e nascimento nobre.<br />d) Goles (vermelho) \u2013 No Listel, Coragem e intrepidez \u2013 luta pelo desenvolvimento do Munic\u00edpio.</p>\r\n<p>CONSTRU\u00c7\u00c3O MODULAR</p>\r\n<p>A reprodu\u00e7\u00e3o do Bras\u00e3o de armas da cidade e Munic\u00edpio de Guarar\u00e1, obedecer\u00e1 \u00e0 seguinte constru\u00e7\u00e3o modular:<br />Altura do Escudo \u2013 8 m\u00f3dulos<br />Largura do Escudo \u2013 7 m\u00f3dulos<br />Altura da coroa mural \u2013 2 m\u00f3dulos<br />Largura do Escudete \u2013 2 m\u00f3dulos<br />Altura do Escudete \u2013 2 m\u00f3dulos e meio<br />Berrante e Estrelas \u2013 1,5 m\u00f3dulo<br />Largura do listel \u2013 1,3 m\u00f3dulos<br />Ornamentos exteriores proporcionais e altura do escudo.</p>\r\n<p><em>Obras Consultadas \u2013 Geneologia Brasileira ano \u2013 1943.</em><br /><em>Enciclop\u00e9dia dos Munic\u00edpios (IBGE) \u2013 1951</em><br /><em>HER\u00c1LDICA \u2013 de Gast\u00e3o de Melo de Matos</em><br /><em>Nomes ind\u00edgenas na Geografia de Minas \u2013 Estudo realizado por Fernando E. F. Paes sob responsabilidade da firma Silk Stamp Ltda. Dezembro \u2013 1979</em></p>\r\n<h2>Hino do Munic\u00edpio de Guarar\u00e1</h2>\r\n<p style=\"text-align: center; \"><iframe src=\"https://www.youtube.com/embed/5zqX47BEqtQ\" title=\"HINO DA CIDADE DE GUARAR\u00c1 - MG\" width=\"780\" height=\"439\" allowfullscreen=\"\" frameborder=\"0\" style=\"\"></iframe></p>\r\n<h3 style=\"text-align: center; \">Hino Do Munic\u00edpio de Guarar\u00e1-MG</h3>\r\n<p style=\"text-align: center; \"><em>Letra por Maestro Sebasti\u00e3o Lima</em><br /><em>Melodia por Maestro Sebasti\u00e3o Lima</em></p>\r\n<p style=\"text-align: center; \">Quando em festa o futuro chegou<br />Com seu manto de Luz sobre a mata<br />Toda a agreste beleza acordou<br />Qual semente que em flor se desata<br />Na paisagem do mais puro encanto<br />A Capela se fez construir<br />Surge a Vila do Esp\u00edrito Santo<br />Antevendo brilhante porvir.</p>\r\n<p style=\"text-align: center; \">Quanto adoro, este torr\u00e3o<br />E este c\u00e9u de puro anil<br />Moras em, meu cora\u00e7\u00e3o<br />J\u00f3ia rara de imenso Brasil (CORO)<br />Guarar\u00e1 \u00e9s minha vida<br />Com orgulho hei de sempre dizer<br />Guarar\u00e1 terra querida<br />Sou teu filho e por ti vou viver.</p>\r\n<p style=\"text-align: center; \">O Divino Esp\u00edrito Santo<br />Aben\u00e7oa e protege este ch\u00e3o<br />Onde tudo \u00e9 riqueza e encanto<br />Ber\u00e7o amigo de paz e uni\u00e3o<br />Rios e a cascata borbulhante<br />As fontes de \u00e1guas minerais<br />Te tornaram t\u00e3o bela e pujante<br />Filha altiva de Minas Gerais.</p>\r\n<p><strong><br /></strong></p>", "author_name": "", "version": "1.0", "author_url": "https://www.guarara.mg.leg.br/author/rodrigo", "provider_name": "C\u00e2mara Municipal", "type": "rich"}